{"id":4891,"date":"2025-10-29T06:35:59","date_gmt":"2025-10-29T04:35:59","guid":{"rendered":"https:\/\/www.anglergemeinschaft-gd.de\/?p=4891"},"modified":"2025-10-29T06:35:59","modified_gmt":"2025-10-29T04:35:59","slug":"bericht-zum-alljaehrlichen-peter-mayer-gedaechtnisangeln-am-12-10-2025","status":"publish","type":"post","link":"https:\/\/www.anglergemeinschaft-gd.de\/?p=4891","title":{"rendered":"Bericht zum Allj\u00e4hrlichen Peter Mayer Ged\u00e4chtnisangeln am 12.10.2025"},"content":{"rendered":"\n<p>Am 12. Oktober 2025 fand unser allj\u00e4hrliches Peter Mayer Ged\u00e4chtnisangeln statt. Zahlreiche Mitglieder unseres Vereins kamen zusammen, um in freundschaftlicher Atmosph\u00e4re ihr K\u00f6nnen am Wasser unter Beweis zu stellen und das Andenken an Peter Mayer zu ehren.<\/p>\n\n\n\n<h2 class=\"wp-block-heading\">Ergebnisse des Wertungsangelns<\/h2>\n\n\n\n<h3 class=\"wp-block-heading\">Jugendliche<\/h3>\n\n\n\n<ol class=\"wp-block-list\">\n<li>Finn Mayer<\/li>\n\n\n\n<li>Michael Schlegel<\/li>\n\n\n\n<li>Leon Siepak<\/li>\n<\/ol>\n\n\n\n<h3 class=\"wp-block-heading\">Erwachsene<\/h3>\n\n\n\n<ol class=\"wp-block-list\">\n<li>Christian Scheiner<\/li>\n\n\n\n<li>Moritz H\u00f6ger<\/li>\n\n\n\n<li>Waldemar Gut<\/li>\n<\/ol>\n\n\n\n<p>Herzlichen Gl\u00fcckwunsch an alle Platzierten und ein gro\u00dfes Dankesch\u00f6n an alle Teilnehmenden f\u00fcr einen gelungenen Angeltag im Zeichen der Gemeinschaft und Erinnerung.<\/p>\n\n\n\n<figure class=\"wp-block-image size-large\"><img loading=\"lazy\" decoding=\"async\" width=\"1024\" height=\"768\" src=\"https:\/\/www.anglergemeinschaft-gd.de\/wp-content\/uploads\/2025\/10\/WhatsApp-Bild-2025-10-29-um-05.11.31_1c6873e6-1024x768.jpg\" alt=\"\" class=\"wp-image-4892\" srcset=\"https:\/\/www.anglergemeinschaft-gd.de\/wp-content\/uploads\/2025\/10\/WhatsApp-Bild-2025-10-29-um-05.11.31_1c6873e6-1024x768.jpg 1024w, https:\/\/www.anglergemeinschaft-gd.de\/wp-content\/uploads\/2025\/10\/WhatsApp-Bild-2025-10-29-um-05.11.31_1c6873e6-300x225.jpg 300w, https:\/\/www.anglergemeinschaft-gd.de\/wp-content\/uploads\/2025\/10\/WhatsApp-Bild-2025-10-29-um-05.11.31_1c6873e6-768x576.jpg 768w, https:\/\/www.anglergemeinschaft-gd.de\/wp-content\/uploads\/2025\/10\/WhatsApp-Bild-2025-10-29-um-05.11.31_1c6873e6-1536x1152.jpg 1536w, https:\/\/www.anglergemeinschaft-gd.de\/wp-content\/uploads\/2025\/10\/WhatsApp-Bild-2025-10-29-um-05.11.31_1c6873e6.jpg 1600w\" sizes=\"auto, (max-width: 1024px) 100vw, 1024px\" \/><\/figure>\n\n\n\n<figure class=\"wp-block-image size-large\"><img loading=\"lazy\" decoding=\"async\" width=\"768\" height=\"1024\" src=\"https:\/\/www.anglergemeinschaft-gd.de\/wp-content\/uploads\/2025\/10\/WhatsApp-Bild-2025-10-29-um-05.11.31_a7b35a43-768x1024.jpg\" alt=\"\" class=\"wp-image-4893\" srcset=\"https:\/\/www.anglergemeinschaft-gd.de\/wp-content\/uploads\/2025\/10\/WhatsApp-Bild-2025-10-29-um-05.11.31_a7b35a43-768x1024.jpg 768w, https:\/\/www.anglergemeinschaft-gd.de\/wp-content\/uploads\/2025\/10\/WhatsApp-Bild-2025-10-29-um-05.11.31_a7b35a43-225x300.jpg 225w, https:\/\/www.anglergemeinschaft-gd.de\/wp-content\/uploads\/2025\/10\/WhatsApp-Bild-2025-10-29-um-05.11.31_a7b35a43-1152x1536.jpg 1152w, https:\/\/www.anglergemeinschaft-gd.de\/wp-content\/uploads\/2025\/10\/WhatsApp-Bild-2025-10-29-um-05.11.31_a7b35a43.jpg 1200w\" sizes=\"auto, (max-width: 768px) 100vw, 768px\" \/><\/figure>\n","protected":false},"excerpt":{"rendered":"<p>Am 12. Oktober 2025 fand unser allj\u00e4hrliches Peter Mayer Ged\u00e4chtnisangeln statt. Zahlreiche Mitglieder unseres Vereins kamen zusammen, um in freundschaftlicher Atmosph\u00e4re ihr K\u00f6nnen am Wasser unter Beweis zu stellen und das Andenken an Peter Mayer zu ehren. Ergebnisse des Wertungsangelns Jugendliche Erwachsene Herzlichen Gl\u00fcckwunsch an alle Platzierten und ein gro\u00dfes Dankesch\u00f6n an alle Teilnehmenden f\u00fcr [&hellip;]<\/p>\n","protected":false},"author":12,"featured_media":0,"comment_status":"closed","ping_status":"open","sticky":false,"template":"","format":"standard","meta":{"footnotes":""},"categories":[1],"tags":[],"class_list":["post-4891","post","type-post","status-publish","format-standard","hentry","category-allgemein"],"_links":{"self":[{"href":"https:\/\/www.anglergemeinschaft-gd.de\/index.php?rest_route=\/wp\/v2\/posts\/4891","targetHints":{"allow":["GET"]}}],"collection":[{"href":"https:\/\/www.anglergemeinschaft-gd.de\/index.php?rest_route=\/wp\/v2\/posts"}],"about":[{"href":"https:\/\/www.anglergemeinschaft-gd.de\/index.php?rest_route=\/wp\/v2\/types\/post"}],"author":[{"embeddable":true,"href":"https:\/\/www.anglergemeinschaft-gd.de\/index.php?rest_route=\/wp\/v2\/users\/12"}],"replies":[{"embeddable":true,"href":"https:\/\/www.anglergemeinschaft-gd.de\/index.php?rest_route=%2Fwp%2Fv2%2Fcomments&post=4891"}],"version-history":[{"count":1,"href":"https:\/\/www.anglergemeinschaft-gd.de\/index.php?rest_route=\/wp\/v2\/posts\/4891\/revisions"}],"predecessor-version":[{"id":4894,"href":"https:\/\/www.anglergemeinschaft-gd.de\/index.php?rest_route=\/wp\/v2\/posts\/4891\/revisions\/4894"}],"wp:attachment":[{"href":"https:\/\/www.anglergemeinschaft-gd.de\/index.php?rest_route=%2Fwp%2Fv2%2Fmedia&parent=4891"}],"wp:term":[{"taxonomy":"category","embeddable":true,"href":"https:\/\/www.anglergemeinschaft-gd.de\/index.php?rest_route=%2Fwp%2Fv2%2Fcategories&post=4891"},{"taxonomy":"post_tag","embeddable":true,"href":"https:\/\/www.anglergemeinschaft-gd.de\/index.php?rest_route=%2Fwp%2Fv2%2Ftags&post=4891"}],"curies":[{"name":"wp","href":"https:\/\/api.w.org\/{rel}","templated":true}]}}