{"id":4443,"date":"2019-01-13T21:18:54","date_gmt":"2019-01-13T19:18:54","guid":{"rendered":"http:\/\/www.anglergemeinschaft-gd.de\/?p=4443"},"modified":"2019-01-13T21:18:54","modified_gmt":"2019-01-13T19:18:54","slug":"neue-vorstandschaft-2","status":"publish","type":"post","link":"https:\/\/www.anglergemeinschaft-gd.de\/?p=4443","title":{"rendered":"Neue Vorstandschaft"},"content":{"rendered":"\n<p style=\"text-align:left\">Bei der Jahreshauptversammlung 2019 wurde wie folgt die neue Vorstandschaft gew\u00e4hlt.<\/p>\n\n\n\n<p><strong>1 . Vorsitzender:<\/strong> Bernd Scheiner, D\u00fcrrfeld<\/p>\n\n\n\n<p><strong>2. Vorsitzender:<\/strong> Witali Sperling, Grettstadt<\/p>\n\n\n\n<p><strong>Schriftf\u00fchrer:<\/strong> Christian Scheiner, D\u00fcrrfeld<\/p>\n\n\n\n<p><strong>Kassier:<\/strong> Thomas Siepak, D\u00fcrrfeld<\/p>\n\n\n\n<p><strong>Teichwart:<\/strong> Waldemar Gut, D\u00fcrrfeld<\/p>\n\n\n\n<p><strong>H\u00fctten und Ger\u00e4tewart:<\/strong> Waldemar Gut, D\u00fcrrfeld<\/p>\n\n\n\n<p><strong>Jugendwart:<\/strong> Luca Hofmann, Grettstadt<\/p>\n\n\n\n<p><strong>Kassenrevisor:<\/strong> G\u00fcnter Fuchs, Dittelbrunn<\/p>\n\n\n\n<p><strong>Kassenrevisor:<\/strong> Robert Orth, Obereuerheim<\/p>\n\n\n\n<p><strong>Kontrollbeauftragter:<\/strong> Manfred Jahn, Obereuerheim<\/p>\n\n\n\n<p style=\"text-align:center\" class=\"has-medium-font-size\"><strong>Der neuen Vorstandschaft viel Erfolg und ein gl\u00fcckliches H\u00e4ndchen<\/strong><\/p>\n","protected":false},"excerpt":{"rendered":"<p>Bei der Jahreshauptversammlung 2019 wurde wie folgt die neue Vorstandschaft gew\u00e4hlt. 1 . Vorsitzender: Bernd Scheiner, D\u00fcrrfeld 2. Vorsitzender: Witali Sperling, Grettstadt Schriftf\u00fchrer: Christian Scheiner, D\u00fcrrfeld Kassier: Thomas Siepak, D\u00fcrrfeld Teichwart: Waldemar Gut, D\u00fcrrfeld H\u00fctten und Ger\u00e4tewart: Waldemar Gut, D\u00fcrrfeld Jugendwart: Luca Hofmann, Grettstadt Kassenrevisor: G\u00fcnter Fuchs, Dittelbrunn Kassenrevisor: Robert Orth, Obereuerheim Kontrollbeauftragter: Manfred Jahn, [&hellip;]<\/p>\n","protected":false},"author":8,"featured_media":0,"comment_status":"closed","ping_status":"open","sticky":false,"template":"","format":"standard","meta":{"footnotes":""},"categories":[1,11,3],"tags":[],"class_list":["post-4443","post","type-post","status-publish","format-standard","hentry","category-allgemein","category-galerie","category-jungangler"],"_links":{"self":[{"href":"https:\/\/www.anglergemeinschaft-gd.de\/index.php?rest_route=\/wp\/v2\/posts\/4443","targetHints":{"allow":["GET"]}}],"collection":[{"href":"https:\/\/www.anglergemeinschaft-gd.de\/index.php?rest_route=\/wp\/v2\/posts"}],"about":[{"href":"https:\/\/www.anglergemeinschaft-gd.de\/index.php?rest_route=\/wp\/v2\/types\/post"}],"author":[{"embeddable":true,"href":"https:\/\/www.anglergemeinschaft-gd.de\/index.php?rest_route=\/wp\/v2\/users\/8"}],"replies":[{"embeddable":true,"href":"https:\/\/www.anglergemeinschaft-gd.de\/index.php?rest_route=%2Fwp%2Fv2%2Fcomments&post=4443"}],"version-history":[{"count":1,"href":"https:\/\/www.anglergemeinschaft-gd.de\/index.php?rest_route=\/wp\/v2\/posts\/4443\/revisions"}],"predecessor-version":[{"id":4444,"href":"https:\/\/www.anglergemeinschaft-gd.de\/index.php?rest_route=\/wp\/v2\/posts\/4443\/revisions\/4444"}],"wp:attachment":[{"href":"https:\/\/www.anglergemeinschaft-gd.de\/index.php?rest_route=%2Fwp%2Fv2%2Fmedia&parent=4443"}],"wp:term":[{"taxonomy":"category","embeddable":true,"href":"https:\/\/www.anglergemeinschaft-gd.de\/index.php?rest_route=%2Fwp%2Fv2%2Fcategories&post=4443"},{"taxonomy":"post_tag","embeddable":true,"href":"https:\/\/www.anglergemeinschaft-gd.de\/index.php?rest_route=%2Fwp%2Fv2%2Ftags&post=4443"}],"curies":[{"name":"wp","href":"https:\/\/api.w.org\/{rel}","templated":true}]}}