{"id":4141,"date":"2017-08-23T11:24:07","date_gmt":"2017-08-23T09:24:07","guid":{"rendered":"http:\/\/www.anglergemeinschaft-gd.de\/?p=4141"},"modified":"2017-08-23T11:24:27","modified_gmt":"2017-08-23T09:24:27","slug":"ferienspass-am-1-9-2017","status":"publish","type":"post","link":"https:\/\/www.anglergemeinschaft-gd.de\/?p=4141","title":{"rendered":"Ferienspa\u00df am 1.9.2017"},"content":{"rendered":"<p>F\u00fcr die bevorstehende Ferienspa\u00df-Aktion am 1.9 findet am Freitag den 25.8 ab 16.00 Uhr am Feuerl\u00f6schweiher in D\u00fcrrfeld Reinigungsarbeiten und eine anschlie\u00dfende Helferbesprechung statt. Um eine rege Beteiligung wird gebeten. Desweiteren werden noch Helfer (aktive, passive und Jungangler !!) f\u00fcr den Ferienspa\u00df am 1.9 ab 14.00 Uhr gebraucht. Bitte vorab beim Vorstand melden wer alles helfen kann. \u00a0DANKE<\/p>\n","protected":false},"excerpt":{"rendered":"<p>F\u00fcr die bevorstehende Ferienspa\u00df-Aktion am 1.9 findet am Freitag den 25.8 ab 16.00 Uhr am Feuerl\u00f6schweiher in D\u00fcrrfeld Reinigungsarbeiten und eine anschlie\u00dfende Helferbesprechung statt. Um eine rege Beteiligung wird gebeten. Desweiteren werden noch Helfer (aktive, passive und Jungangler !!) f\u00fcr den Ferienspa\u00df am 1.9 ab 14.00 Uhr gebraucht. Bitte vorab beim Vorstand melden wer alles [&hellip;]<\/p>\n","protected":false},"author":8,"featured_media":0,"comment_status":"closed","ping_status":"open","sticky":false,"template":"","format":"standard","meta":{"footnotes":""},"categories":[1,3],"tags":[],"class_list":["post-4141","post","type-post","status-publish","format-standard","hentry","category-allgemein","category-jungangler"],"_links":{"self":[{"href":"https:\/\/www.anglergemeinschaft-gd.de\/index.php?rest_route=\/wp\/v2\/posts\/4141","targetHints":{"allow":["GET"]}}],"collection":[{"href":"https:\/\/www.anglergemeinschaft-gd.de\/index.php?rest_route=\/wp\/v2\/posts"}],"about":[{"href":"https:\/\/www.anglergemeinschaft-gd.de\/index.php?rest_route=\/wp\/v2\/types\/post"}],"author":[{"embeddable":true,"href":"https:\/\/www.anglergemeinschaft-gd.de\/index.php?rest_route=\/wp\/v2\/users\/8"}],"replies":[{"embeddable":true,"href":"https:\/\/www.anglergemeinschaft-gd.de\/index.php?rest_route=%2Fwp%2Fv2%2Fcomments&post=4141"}],"version-history":[{"count":1,"href":"https:\/\/www.anglergemeinschaft-gd.de\/index.php?rest_route=\/wp\/v2\/posts\/4141\/revisions"}],"predecessor-version":[{"id":4142,"href":"https:\/\/www.anglergemeinschaft-gd.de\/index.php?rest_route=\/wp\/v2\/posts\/4141\/revisions\/4142"}],"wp:attachment":[{"href":"https:\/\/www.anglergemeinschaft-gd.de\/index.php?rest_route=%2Fwp%2Fv2%2Fmedia&parent=4141"}],"wp:term":[{"taxonomy":"category","embeddable":true,"href":"https:\/\/www.anglergemeinschaft-gd.de\/index.php?rest_route=%2Fwp%2Fv2%2Fcategories&post=4141"},{"taxonomy":"post_tag","embeddable":true,"href":"https:\/\/www.anglergemeinschaft-gd.de\/index.php?rest_route=%2Fwp%2Fv2%2Ftags&post=4141"}],"curies":[{"name":"wp","href":"https:\/\/api.w.org\/{rel}","templated":true}]}}